{"id":314,"date":"2021-04-27T08:30:04","date_gmt":"2021-04-27T06:30:04","guid":{"rendered":"https:\/\/boehl-iggelheim.org\/?p=314"},"modified":"2021-04-27T08:30:58","modified_gmt":"2021-04-27T06:30:58","slug":"aktion-hoehengestell-am-farrwiesenweg","status":"publish","type":"post","link":"https:\/\/boehl-iggelheim.org\/?p=314","title":{"rendered":"Aktion &#8222;H\u00f6hengestell am Farrwiesenweg&#8220;"},"content":{"rendered":"\n<p>Betroffene B\u00fcrger zeigen die H\u00f6henlage der geplanten Ortumgehung eindrucksvoll auf.<\/p>\n\n\n\n<figure class=\"wp-block-image size-large\"><img loading=\"lazy\" decoding=\"async\" width=\"1024\" height=\"576\" src=\"https:\/\/boehl-iggelheim.org\/wp-content\/uploads\/2021\/04\/20210426_182423-1024x576.jpg\" alt=\"\" class=\"wp-image-315\" srcset=\"https:\/\/boehl-iggelheim.org\/wp-content\/uploads\/2021\/04\/20210426_182423-1024x576.jpg 1024w, https:\/\/boehl-iggelheim.org\/wp-content\/uploads\/2021\/04\/20210426_182423-300x169.jpg 300w, https:\/\/boehl-iggelheim.org\/wp-content\/uploads\/2021\/04\/20210426_182423-768x432.jpg 768w, https:\/\/boehl-iggelheim.org\/wp-content\/uploads\/2021\/04\/20210426_182423-1536x864.jpg 1536w, https:\/\/boehl-iggelheim.org\/wp-content\/uploads\/2021\/04\/20210426_182423-2048x1152.jpg 2048w\" sizes=\"(max-width: 706px) 89vw, (max-width: 767px) 82vw, 740px\" \/><\/figure>\n\n\n\n<p>Wenn man davor steht wird die Dimension dieser Stra\u00dfe deutlich. Tolle Aktion.<\/p>\n\n\n\n<figure class=\"wp-block-image size-large is-resized\"><img loading=\"lazy\" decoding=\"async\" src=\"https:\/\/boehl-iggelheim.org\/wp-content\/uploads\/2021\/04\/20210426_182436-576x1024.jpg\" alt=\"\" class=\"wp-image-316\" width=\"328\" height=\"584\" srcset=\"https:\/\/boehl-iggelheim.org\/wp-content\/uploads\/2021\/04\/20210426_182436-576x1024.jpg 576w, https:\/\/boehl-iggelheim.org\/wp-content\/uploads\/2021\/04\/20210426_182436-169x300.jpg 169w, https:\/\/boehl-iggelheim.org\/wp-content\/uploads\/2021\/04\/20210426_182436-768x1365.jpg 768w, https:\/\/boehl-iggelheim.org\/wp-content\/uploads\/2021\/04\/20210426_182436-864x1536.jpg 864w, https:\/\/boehl-iggelheim.org\/wp-content\/uploads\/2021\/04\/20210426_182436-1152x2048.jpg 1152w, https:\/\/boehl-iggelheim.org\/wp-content\/uploads\/2021\/04\/20210426_182436-scaled.jpg 1440w\" sizes=\"(max-width: 328px) 100vw, 328px\" \/><\/figure>\n","protected":false},"excerpt":{"rendered":"<p>Betroffene B\u00fcrger zeigen die H\u00f6henlage der geplanten Ortumgehung eindrucksvoll auf. Wenn man davor steht wird die Dimension dieser Stra\u00dfe deutlich. Tolle Aktion.<\/p>\n","protected":false},"author":1,"featured_media":0,"comment_status":"closed","ping_status":"closed","sticky":false,"template":"","format":"standard","meta":{"footnotes":""},"categories":[6],"tags":[],"_links":{"self":[{"href":"https:\/\/boehl-iggelheim.org\/index.php?rest_route=\/wp\/v2\/posts\/314"}],"collection":[{"href":"https:\/\/boehl-iggelheim.org\/index.php?rest_route=\/wp\/v2\/posts"}],"about":[{"href":"https:\/\/boehl-iggelheim.org\/index.php?rest_route=\/wp\/v2\/types\/post"}],"author":[{"embeddable":true,"href":"https:\/\/boehl-iggelheim.org\/index.php?rest_route=\/wp\/v2\/users\/1"}],"replies":[{"embeddable":true,"href":"https:\/\/boehl-iggelheim.org\/index.php?rest_route=%2Fwp%2Fv2%2Fcomments&post=314"}],"version-history":[{"count":1,"href":"https:\/\/boehl-iggelheim.org\/index.php?rest_route=\/wp\/v2\/posts\/314\/revisions"}],"predecessor-version":[{"id":317,"href":"https:\/\/boehl-iggelheim.org\/index.php?rest_route=\/wp\/v2\/posts\/314\/revisions\/317"}],"wp:attachment":[{"href":"https:\/\/boehl-iggelheim.org\/index.php?rest_route=%2Fwp%2Fv2%2Fmedia&parent=314"}],"wp:term":[{"taxonomy":"category","embeddable":true,"href":"https:\/\/boehl-iggelheim.org\/index.php?rest_route=%2Fwp%2Fv2%2Fcategories&post=314"},{"taxonomy":"post_tag","embeddable":true,"href":"https:\/\/boehl-iggelheim.org\/index.php?rest_route=%2Fwp%2Fv2%2Ftags&post=314"}],"curies":[{"name":"wp","href":"https:\/\/api.w.org\/{rel}","templated":true}]}}