{"id":209,"date":"2020-04-22T21:08:59","date_gmt":"2020-04-22T19:08:59","guid":{"rendered":"https:\/\/boehl-iggelheim.org\/?p=209"},"modified":"2020-04-23T20:43:56","modified_gmt":"2020-04-23T18:43:56","slug":"plakat-aktion-feldwiesenstrasse","status":"publish","type":"post","link":"https:\/\/boehl-iggelheim.org\/?p=209","title":{"rendered":"BI4BI- Plakat Aktion Farrwiesenstrasse"},"content":{"rendered":"\n<p>Mit Plakaten an markanten Punkten macht BI4Bi auf die \u00c4nderungen durch die geplante Umgehungsstra\u00dfe aufmerksam- hier in Iggelheim in der Farrwiesenstra\u00dfe, einfach mal vorbeischauen &#8230;<\/p>\n\n\n\n<div class=\"wp-block-group\"><div class=\"wp-block-group__inner-container is-layout-flow wp-block-group-is-layout-flow\">\n<figure class=\"wp-block-gallery alignleft columns-2 is-cropped wp-block-gallery-1 is-layout-flex wp-block-gallery-is-layout-flex\"><ul class=\"blocks-gallery-grid\"><li class=\"blocks-gallery-item\"><figure><img loading=\"lazy\" decoding=\"async\" width=\"568\" height=\"1024\" src=\"https:\/\/boehl-iggelheim.org\/wp-content\/uploads\/2020\/04\/IMG-20200419-WA0002-568x1024.jpg\" alt=\"\" data-id=\"208\" data-full-url=\"https:\/\/boehl-iggelheim.org\/wp-content\/uploads\/2020\/04\/IMG-20200419-WA0002.jpg\" data-link=\"https:\/\/boehl-iggelheim.org\/?attachment_id=208\" class=\"wp-image-208\" srcset=\"https:\/\/boehl-iggelheim.org\/wp-content\/uploads\/2020\/04\/IMG-20200419-WA0002-568x1024.jpg 568w, https:\/\/boehl-iggelheim.org\/wp-content\/uploads\/2020\/04\/IMG-20200419-WA0002-167x300.jpg 167w, https:\/\/boehl-iggelheim.org\/wp-content\/uploads\/2020\/04\/IMG-20200419-WA0002-768x1384.jpg 768w, https:\/\/boehl-iggelheim.org\/wp-content\/uploads\/2020\/04\/IMG-20200419-WA0002-852x1536.jpg 852w, https:\/\/boehl-iggelheim.org\/wp-content\/uploads\/2020\/04\/IMG-20200419-WA0002.jpg 888w\" sizes=\"(max-width: 568px) 100vw, 568px\" \/><\/figure><\/li><li class=\"blocks-gallery-item\"><figure><img loading=\"lazy\" decoding=\"async\" width=\"568\" height=\"1024\" src=\"https:\/\/boehl-iggelheim.org\/wp-content\/uploads\/2020\/04\/IMG-20200419-WA0001-568x1024.jpg\" alt=\"\" data-id=\"207\" data-full-url=\"https:\/\/boehl-iggelheim.org\/wp-content\/uploads\/2020\/04\/IMG-20200419-WA0001.jpg\" data-link=\"https:\/\/boehl-iggelheim.org\/?attachment_id=207\" class=\"wp-image-207\" srcset=\"https:\/\/boehl-iggelheim.org\/wp-content\/uploads\/2020\/04\/IMG-20200419-WA0001-568x1024.jpg 568w, https:\/\/boehl-iggelheim.org\/wp-content\/uploads\/2020\/04\/IMG-20200419-WA0001-167x300.jpg 167w, https:\/\/boehl-iggelheim.org\/wp-content\/uploads\/2020\/04\/IMG-20200419-WA0001-768x1384.jpg 768w, https:\/\/boehl-iggelheim.org\/wp-content\/uploads\/2020\/04\/IMG-20200419-WA0001-852x1536.jpg 852w, https:\/\/boehl-iggelheim.org\/wp-content\/uploads\/2020\/04\/IMG-20200419-WA0001.jpg 888w\" sizes=\"(max-width: 568px) 100vw, 568px\" \/><\/figure><\/li><\/ul><\/figure>\n<\/div><\/div>\n","protected":false},"excerpt":{"rendered":"<p>Mit Plakaten an markanten Punkten macht BI4Bi auf die \u00c4nderungen durch die geplante Umgehungsstra\u00dfe aufmerksam- hier in Iggelheim in der Farrwiesenstra\u00dfe, einfach mal vorbeischauen &#8230;<\/p>\n","protected":false},"author":1,"featured_media":0,"comment_status":"closed","ping_status":"closed","sticky":false,"template":"","format":"standard","meta":{"footnotes":""},"categories":[6],"tags":[],"_links":{"self":[{"href":"https:\/\/boehl-iggelheim.org\/index.php?rest_route=\/wp\/v2\/posts\/209"}],"collection":[{"href":"https:\/\/boehl-iggelheim.org\/index.php?rest_route=\/wp\/v2\/posts"}],"about":[{"href":"https:\/\/boehl-iggelheim.org\/index.php?rest_route=\/wp\/v2\/types\/post"}],"author":[{"embeddable":true,"href":"https:\/\/boehl-iggelheim.org\/index.php?rest_route=\/wp\/v2\/users\/1"}],"replies":[{"embeddable":true,"href":"https:\/\/boehl-iggelheim.org\/index.php?rest_route=%2Fwp%2Fv2%2Fcomments&post=209"}],"version-history":[{"count":7,"href":"https:\/\/boehl-iggelheim.org\/index.php?rest_route=\/wp\/v2\/posts\/209\/revisions"}],"predecessor-version":[{"id":219,"href":"https:\/\/boehl-iggelheim.org\/index.php?rest_route=\/wp\/v2\/posts\/209\/revisions\/219"}],"wp:attachment":[{"href":"https:\/\/boehl-iggelheim.org\/index.php?rest_route=%2Fwp%2Fv2%2Fmedia&parent=209"}],"wp:term":[{"taxonomy":"category","embeddable":true,"href":"https:\/\/boehl-iggelheim.org\/index.php?rest_route=%2Fwp%2Fv2%2Fcategories&post=209"},{"taxonomy":"post_tag","embeddable":true,"href":"https:\/\/boehl-iggelheim.org\/index.php?rest_route=%2Fwp%2Fv2%2Ftags&post=209"}],"curies":[{"name":"wp","href":"https:\/\/api.w.org\/{rel}","templated":true}]}}